{"id":54470,"date":"2021-03-15T12:26:22","date_gmt":"2021-03-15T11:26:22","guid":{"rendered":"https:\/\/mewo.lu\/verstaendigungsvereinbarungen-zwischen-luxemburg-und-frankreich-ueber-grenzueberschreitende-arbeitnehmer\/"},"modified":"2023-04-18T16:03:57","modified_gmt":"2023-04-18T14:03:57","slug":"verstaendigungsvereinbarungen-zwischen-luxemburg-und-frankreich-ueber-grenzueberschreitende-arbeitnehmer","status":"publish","type":"post","link":"https:\/\/mewo.lu\/de\/verstaendigungsvereinbarungen-zwischen-luxemburg-und-frankreich-ueber-grenzueberschreitende-arbeitnehmer\/","title":{"rendered":"Verst\u00e4ndigungsvereinbarungen zwischen Luxemburg und Frankreich \u00fcber grenz\u00fcberschreitende Arbeitnehmer"},"content":{"rendered":"<p><em><br \/>\n<\/em><\/p>\n<hr>\n<div id=\"mlPusher_contentA_0\" class=\"mlPusher_contentA\">\n<p><strong>1. Einleitung<\/strong><\/p>\n<p>Die zust\u00e4ndigen Beh\u00f6rden in Luxemburg und Frankreich haben eine g\u00fctliche Einigung erzielt bez\u00fcglich<br \/>f\u00fcr grenz\u00fcberschreitende Arbeitnehmer im Zusammenhang mit der Bek\u00e4mpfung der Ausbreitung von COVID-.<br \/>19.<\/p>\n<p><strong>2. Heimarbeitstage im Rahmen von Artikel 14 (1) des franz\u00f6sisch-luxemburgischen Steuerabkommens<\/strong><\/p>\n<p>Das Abkommen best\u00e4tigt ausdr\u00fccklich, dass die Gesundheitssituation im Zusammenhang mit der COVID-19-Krise ein<br \/>F\u00e4lle h\u00f6herer Gewalt au\u00dferhalb des Willens des Arbeitgebers und des Arbeitnehmers. Folglich<br \/>zu Hause geleistete Arbeitstage aufgrund von Ma\u00dfnahmen zur Bek\u00e4mpfung von<br \/>Die in COVID-19 aufgef\u00fchrten Ausbreitungsarten werden bei der Z\u00e4hlung der 29 Tage nicht ber\u00fccksichtigt, wie z. B.<br \/>gem\u00e4\u00df Nummer 1 Buchstabe c der Verst\u00e4ndigungsvereinbarung vom 16. Juli 2020 zwischen den zust\u00e4ndigen Beh\u00f6rden<br \/>von Luxemburg und Frankreich \u00fcber die praktischen Modalit\u00e4ten der Anwendung von Nummer 3 des<br \/>Protokoll zum franz\u00f6sisch-luxemburgischen Steuerabkommen.2<\/p>\n<p><strong>3. Anwendungsmodalit\u00e4ten zu Artikel 18 (1) gem\u00e4\u00df der Verst\u00e4ndigungsvereinbarung vom 7. Dezember 2020<\/strong><\/p>\n<p>Diese Vereinbarung regelt auch die Modalit\u00e4ten der Anwendung des ersten Absatzes von Artikel 18<br \/>des franz\u00f6sisch-luxemburgischen Steuerabkommens. So gilt f\u00fcr nat\u00fcrliche Personen<br \/>die Staatsangeh\u00f6rigkeit ihres Wohnsitzstaates besitzen, ohne gleichzeitig die Staatsangeh\u00f6rigkeit des Staates zu besitzen, in dem sie leben<br \/>der Quelle der Eink\u00fcnfte, die unter Artikel 18 Absatz 1 fallen, an den Tagen<br \/>zu Hause gearbeitet haben, nur aufgrund von Ma\u00dfnahmen zur Bek\u00e4mpfung von<br \/>Ausbreitung von VIDOC-19 k\u00f6nnen als im Staat erbrachte Dienstleistungen betrachtet werden<br \/>in dem diese Person diese Besch\u00e4ftigung ohne solche Ma\u00dfnahmen ausge\u00fcbt h\u00e4tte.<\/p>\n<p>Steuerzahler, die diese Modalit\u00e4ten in Anspruch nehmen, sind verpflichtet, sie so anzuwenden<br \/>koh\u00e4rent in beiden Vertragsstaaten. Eine schriftliche Best\u00e4tigung des Arbeitgebers, aus der hervorgeht<br \/>die Anzahl der Arbeitstage, die nur aufgrund von Ma\u00dfnahmen im Zusammenhang mit der<br \/>Pandemie von COVID-19 ist der Verwaltung zur Verf\u00fcgung zu halten. Indem Sie sich daf\u00fcr entscheiden, zu tun<br \/>Anwendung des Abkommens akzeptiert der Steuerpflichtige also, dass diese Einkommensbestandteile<br \/>in dem Vertragsstaat, in dem er seine Arbeit ausge\u00fcbt h\u00e4tte, ohne die Ma\u00dfnahmen tats\u00e4chlich besteuert worden w\u00e4ren<br \/>die zur Bek\u00e4mpfung der COVID-19-Pandemie ergriffen wurden. Der Steuerbescheid f\u00fcr dieses Einkommen<br \/>ist zur Verf\u00fcgung der Beh\u00f6rde zu halten.<\/p>\n<p>Das Abkommen vom 7. Dezember 2020 gilt ausschlie\u00dflich f\u00fcr ans\u00e4ssige nat\u00fcrliche Personen<br \/>eines Vertragsstaats und die ihre Dienste \u00fcblicherweise vollzeitlich oder zeitlich begrenzt erbringen<br \/>teilweise, indem sie sich in den anderen Staat begeben.<\/p>\n<p>Die Vereinbarung vom 7. Dezember 2020 gilt jedoch nicht f\u00fcr Eink\u00fcnfte, die in Verbindung mit folgenden T\u00e4tigkeiten erzielt werden<br \/>Tage, an denen zu Hause gearbeitet wird, die bereits durch eine Vereinbarung mit dem Arbeitgeber vor der Einf\u00fchrung von<br \/>Ma\u00dfnahmen, die gegen die Ausbreitung von COVID-19 ergriffen wurden.<\/p>\n<p><strong>4. Dauer<\/strong><\/p>\n<p>Nach der Verl\u00e4ngerung am 9. und 10. M\u00e4rz 2021 ist der Zeitraum vom 14. M\u00e4rz 2020 bis zum 30. Juni 2021<br \/>gilt als h\u00f6here Gewalt im Zusammenhang mit der Anwendung von<br \/>Artikel 14 (1).<\/p>\n<p>Dar\u00fcber hinaus sind die Anwendungsmodalit\u00e4ten von Artikel 18(1), die Gegenstand von Absatz 2 von<br \/>die g\u00fctliche Einigung vom 7. Dezember 2020 den Zeitraum vom 14. M\u00e4rz 2020 bis zum 30. Juni abdecken<br \/>2021. <\/p>\n<\/div>\n<ul class=\"files_downloadB\">\n<li id=\"file_mlPusher_downloadB_0\" class=\"file_mlPusher_downloadB\"><a href=\"https:\/\/mewo.lu\/wp-content\/uploads\/tmp\/zl_808ae0f5-0c15-4ad4-9ca3-eba925d92abe_604f526e83fcc\/52719\/2021-03-15-LG-Conv-DI-62-du-15032021.pdf\" target=\"_blank\" download=\"\" rel=\"noopener\">Rundschreiben des Finanzministeriums<\/a><\/li>\n<\/ul>\n<ul class=\"list_listA\"><\/ul>\n","protected":false},"excerpt":{"rendered":"<p>1. Einleitung Die zust\u00e4ndigen Beh\u00f6rden in Luxemburg und Frankreich haben eine g\u00fctliche Einigung erzielt bez\u00fcglichf\u00fcr grenz\u00fcberschreitende Arbeitnehmer im Zusammenhang mit &#8230;<\/p>\n","protected":false},"author":8,"featured_media":53310,"comment_status":"closed","ping_status":"closed","sticky":false,"template":"","format":"standard","meta":{"_acf_changed":false,"_et_pb_use_builder":"","_et_pb_old_content":"","_et_gb_content_width":"","inline_featured_image":false,"footnotes":""},"categories":[657,649],"tags":[658,659],"class_list":["post-54470","post","type-post","status-publish","format-standard","has-post-thumbnail","hentry","category-nachrichten","category-unkategorisiert","tag-fdanews-de","tag-test2-de"],"acf":[],"_links":{"self":[{"href":"https:\/\/mewo.lu\/de\/wp-json\/wp\/v2\/posts\/54470","targetHints":{"allow":["GET"]}}],"collection":[{"href":"https:\/\/mewo.lu\/de\/wp-json\/wp\/v2\/posts"}],"about":[{"href":"https:\/\/mewo.lu\/de\/wp-json\/wp\/v2\/types\/post"}],"author":[{"embeddable":true,"href":"https:\/\/mewo.lu\/de\/wp-json\/wp\/v2\/users\/8"}],"replies":[{"embeddable":true,"href":"https:\/\/mewo.lu\/de\/wp-json\/wp\/v2\/comments?post=54470"}],"version-history":[{"count":0,"href":"https:\/\/mewo.lu\/de\/wp-json\/wp\/v2\/posts\/54470\/revisions"}],"wp:featuredmedia":[{"embeddable":true,"href":"https:\/\/mewo.lu\/de\/wp-json\/wp\/v2\/media\/53310"}],"wp:attachment":[{"href":"https:\/\/mewo.lu\/de\/wp-json\/wp\/v2\/media?parent=54470"}],"wp:term":[{"taxonomy":"category","embeddable":true,"href":"https:\/\/mewo.lu\/de\/wp-json\/wp\/v2\/categories?post=54470"},{"taxonomy":"post_tag","embeddable":true,"href":"https:\/\/mewo.lu\/de\/wp-json\/wp\/v2\/tags?post=54470"}],"curies":[{"name":"wp","href":"https:\/\/api.w.org\/{rel}","templated":true}]}}