{"id":54459,"date":"2021-04-28T19:14:44","date_gmt":"2021-04-28T17:14:44","guid":{"rendered":"https:\/\/mewo.lu\/aussergewoehnliche-knappheit-an-baumaterialien-eroeffnung-von-kurzarbeit-fuer-die-betroffenen-unternehmen\/"},"modified":"2023-04-18T16:00:36","modified_gmt":"2023-04-18T14:00:36","slug":"aussergewoehnliche-knappheit-an-baumaterialien-eroeffnung-von-kurzarbeit-fuer-die-betroffenen-unternehmen","status":"publish","type":"post","link":"https:\/\/mewo.lu\/de\/aussergewoehnliche-knappheit-an-baumaterialien-eroeffnung-von-kurzarbeit-fuer-die-betroffenen-unternehmen\/","title":{"rendered":"Au\u00dfergew\u00f6hnliche Knappheit an Baumaterialien &#8211; Er\u00f6ffnung von Kurzarbeit f\u00fcr die betroffenen Unternehmen"},"content":{"rendered":"<p><em><br \/>\n<\/em><\/p>\n<hr>\n<div id=\"mlPusher_contentA_0\" class=\"mlPusher_contentA\">\n<p><strong>Die Baubranche sieht sich mit einem au\u00dfergew\u00f6hnlichen Mangel an Baumaterialien konfrontiert.<\/strong><\/p>\n<p><strong>In diesem Zusammenhang und in dem Bestreben, Unternehmen, die mit einem Mangel an Baumaterialien konfrontiert sind, vor\u00fcbergehend zu helfen, schlug der Konjunkturausschuss dem Regierungsrat vor, sie ausnahmsweise zu Kurzarbeit zuzulassen.<\/strong><\/p>\n<p><strong>Die Modalit\u00e4ten und Bedingungen f\u00fcr die Gew\u00e4hrung von Kurzarbeit sind in der unten ver\u00f6ffentlichten Mitteilung des Wirtschaftsministeriums<\/strong>enthalten.<\/p>\n<p><strong>Bei weiteren Fragen bitten wir Sie, sich an den <a href=\"contact\/collaborateurs\">Berater Ihres jeweiligen Verbandes zu wenden<\/a>.<\/strong><\/p>\n<p>Der Konjunkturausschuss trat am 27. April 2021 unter dem gemeinsamen Vorsitz von  <br \/>  Minister f\u00fcr Arbeit, Besch\u00e4ftigung und Sozialwirtschaft, Dan Kersch, und Wirtschaftsminister Franz Fayot.<\/p>\n<p><strong>Baugewerbe &#8211; au\u00dfergew\u00f6hnliche Knappheit an Rohstoffen<\/strong><\/p>\n<p><strong> <\/strong><\/p>\n<p>Der Konjunkturausschuss stellt fest, dass einige im Baugewerbe t\u00e4tige Unternehmen derzeit unter einem Engpass bei der Rohstoffversorgung leiden. Sie befinden sich n\u00e4mlich weiterhin in einem Wartezustand f\u00fcr ihre Rohstoffe (Stahl, Holz, Metall, Armierungen, Granit, Beton, D\u00e4mmstoffe usw.), die ihre nationalen und internationalen Lieferanten aus verschiedenen Gr\u00fcnden derzeit nicht liefern k\u00f6nnen.<\/p>\n<\/p>\n<p>In dem Bestreben, diesen Unternehmen in diesem au\u00dfergew\u00f6hnlichen Kontext vor\u00fcbergehend zu helfen, schl\u00e4gt der Konjunkturausschuss dem Regierungsrat vor, sie ausnahmsweise f\u00fcr die zweite H\u00e4lfte des Monats Mai und f\u00fcr den Monat Juni unter folgenden kumulativen Bedingungen zur Kurzarbeit zuzulassen:<\/p>\n<\/p>\n<ul>\n<li>keine wirtschaftlichen Entlassungen vorzunehmen,<\/li>\n<li>bei Kurzarbeit nicht mehr als <strong>10%<\/strong> der gesamten regul\u00e4ren Arbeitszeit des Unternehmens betragen darf und<\/li>\n<li>dem Sekretariat des Konjunkturausschusses eine vom Lieferanten unterzeichnete Bescheinigung vorzulegen <strong>,<\/strong> in der der Lieferant <strong>erkl\u00e4rt, dokumentiert und begr\u00fcndet, dass er nicht in der Lage ist, Material zu liefern<\/strong>.<\/li>\n<\/ul>\n<p>In <u>diesem<\/u> Zusammenhang sind folgende Punkte zu beachten:<\/p>\n<ul>\n<li><em>Die Lieferschwierigkeiten m\u00fcssen direkt darauf zur\u00fcckzuf\u00fchren sein, dass es dem Lieferanten tats\u00e4chlich und technisch unm\u00f6glich ist, die Lieferung der Materialien vorzunehmen;<\/em><\/li>\n<li><em>Der Anstieg des Marktpreises f\u00fcr Rohstoffe kann nicht als Grund daf\u00fcr angef\u00fchrt werden, dass das Unternehmen den Rohstoff nicht beschaffen kann.  <\/em><\/li>\n<\/ul>\n<p><em> <\/em><\/p>\n<p><strong>Auch<\/strong> Unternehmen, die ihre T\u00e4tigkeit nicht oder nur teilweise aus\u00fcben k\u00f6nnen, weil sie ihrerseits von Lieferunterbrechungen anderer Unternehmen betroffen w\u00e4ren, haben Anspruch auf Kurzarbeit.<\/p>\n<p>Gegebenenfalls ist <strong>eine <\/strong><strong>Bescheinigung <\/strong>der Vergabebeh\u00f6rde bzw. des Bauherrn oder seines Bevollm\u00e4chtigten (beratende Ingenieurb\u00fcros, Architekturb\u00fcros) vorzulegen, in der best\u00e4tigt wird, dass die betreffende Baustelle vollst\u00e4ndig oder teilweise stillgelegt wurde.<\/p>\n<\/p>\n<p><strong><br \/>\n  <u>In der Praxis<\/u><br \/>\n<\/strong> :<\/p>\n<\/p>\n<ol>\n<li>F\u00fcr <strong>die zweite H\u00e4lfte des Monats Mai 2021<\/strong> m\u00fcssen die betroffenen Unternehmen <u>Kurzarbeit beantragen<\/u>, indem sie ihr Formular mit den Anh\u00e4ngen bis sp\u00e4testens <strong>Sonntag, den 9. Mai 2021, per E-Mail an die Adresse : <\/strong><a href=\"mailto:emploi@eco.etat.lu\"><br \/>\n  <strong>emploi@eco.etat.lu<\/strong><br \/>\n<\/a><strong>. <\/strong> <\/li>\n<\/ol>\n<p><strong> <\/strong><\/p>\n<p>Diesen Antr\u00e4gen m\u00fcssen zwingend beigef\u00fcgt werden:<\/p>\n<ul>\n<li><strong>eine Erkl\u00e4rung der Personaldelegation<\/strong>, in der best\u00e4tigt wird, dass sie \u00fcber den Antrag auf Kurzarbeit informiert wurde (falls eine Personaldelegation existiert) ;  <\/li>\n<\/ul>\n<p><strong><em>oder<\/em><\/strong><\/p>\n<p><strong>eine von jedem<\/strong> von Kurzarbeit <strong>betroffenen Arbeitnehmer unterzeichnete Informationserkl\u00e4rung<\/strong> (wenn es keine Personaldelegation gibt) ;<\/p>\n<ul>\n<li><strong>einen Bankauszug  <\/strong><\/li>\n<li>die <strong>unterzeichnete Bescheinigung des (der) Lieferanten <\/strong>, mit der dieser (diese) erkl\u00e4rt, dokumentiert und begr\u00fcndet, dass er (sie) nicht in der Lage ist (sind), Material zu liefern.<\/li>\n<\/ul>\n<p><strong> <\/strong><\/p>\n<ol start=\"2\">\n<li>F\u00fcr den <strong>Monat<\/strong> <strong>Juni 2021<\/strong> sind die Antr\u00e4ge \u00fcber die elektronische Plattform &#8222;MyGuichet.lu&#8220; w\u00e4hrend der gesetzlichen Frist (vom<sup>1<\/sup>. bis einschlie\u00dflich 12. Mai 2021) zu \u00fcbermitteln.<\/li>\n<\/ol>\n<p><strong> <\/strong><\/p>\n<p><u>Nach Ablauf dieser Frist<\/u> k\u00f6nnen die betroffenen Unternehmen ihren Antrag auf Kurzarbeit weiterhin per E-Mail an die folgende Adresse schicken: <a href=\"mailto:emploi@eco.etat.lu\">emploi@eco.etat.lu<\/a>.<\/p>\n<p>Es muss jedoch sichergestellt werden, dass diese<u>Antr\u00e4ge<\/u> rechtzeitig vor der Sitzung des Konjunkturausschusses beim Sekretariat eingehen,<u>damit dieser sie ordnungsgem\u00e4\u00df bearbeiten kann<\/u>.<\/p>\n<p><strong> <\/strong><\/p>\n<\/div>\n<ul class=\"files_downloadB\"><\/ul>\n<ul class=\"list_listA\"><\/ul>\n","protected":false},"excerpt":{"rendered":"<p>Die Baubranche sieht sich mit einem au\u00dfergew\u00f6hnlichen Mangel an Baumaterialien konfrontiert. In diesem Zusammenhang und in dem Bestreben, Unternehmen, die &#8230;<\/p>\n","protected":false},"author":8,"featured_media":53319,"comment_status":"closed","ping_status":"closed","sticky":false,"template":"","format":"standard","meta":{"_acf_changed":false,"_et_pb_use_builder":"","_et_pb_old_content":"","_et_gb_content_width":"","inline_featured_image":false,"footnotes":""},"categories":[657,649],"tags":[658,659],"class_list":["post-54459","post","type-post","status-publish","format-standard","has-post-thumbnail","hentry","category-nachrichten","category-unkategorisiert","tag-fdanews-de","tag-test2-de"],"acf":[],"_links":{"self":[{"href":"https:\/\/mewo.lu\/de\/wp-json\/wp\/v2\/posts\/54459","targetHints":{"allow":["GET"]}}],"collection":[{"href":"https:\/\/mewo.lu\/de\/wp-json\/wp\/v2\/posts"}],"about":[{"href":"https:\/\/mewo.lu\/de\/wp-json\/wp\/v2\/types\/post"}],"author":[{"embeddable":true,"href":"https:\/\/mewo.lu\/de\/wp-json\/wp\/v2\/users\/8"}],"replies":[{"embeddable":true,"href":"https:\/\/mewo.lu\/de\/wp-json\/wp\/v2\/comments?post=54459"}],"version-history":[{"count":0,"href":"https:\/\/mewo.lu\/de\/wp-json\/wp\/v2\/posts\/54459\/revisions"}],"wp:featuredmedia":[{"embeddable":true,"href":"https:\/\/mewo.lu\/de\/wp-json\/wp\/v2\/media\/53319"}],"wp:attachment":[{"href":"https:\/\/mewo.lu\/de\/wp-json\/wp\/v2\/media?parent=54459"}],"wp:term":[{"taxonomy":"category","embeddable":true,"href":"https:\/\/mewo.lu\/de\/wp-json\/wp\/v2\/categories?post=54459"},{"taxonomy":"post_tag","embeddable":true,"href":"https:\/\/mewo.lu\/de\/wp-json\/wp\/v2\/tags?post=54459"}],"curies":[{"name":"wp","href":"https:\/\/api.w.org\/{rel}","templated":true}]}}