{"id":54455,"date":"2021-06-08T14:02:19","date_gmt":"2021-06-08T12:02:19","guid":{"rendered":"https:\/\/mewo.lu\/mangel-an-baumaterialien-die-moeglichkeit-der-kurzarbeit-muss-ueber-den-juni-hinaus-bestehen-bleiben\/"},"modified":"2021-06-08T14:02:19","modified_gmt":"2021-06-08T12:02:19","slug":"mangel-an-baumaterialien-die-moeglichkeit-der-kurzarbeit-muss-ueber-den-juni-hinaus-bestehen-bleiben","status":"publish","type":"post","link":"https:\/\/mewo.lu\/de\/mangel-an-baumaterialien-die-moeglichkeit-der-kurzarbeit-muss-ueber-den-juni-hinaus-bestehen-bleiben\/","title":{"rendered":"Mangel an Baumaterialien: Die M\u00f6glichkeit der Kurzarbeit muss \u00fcber den Juni hinaus bestehen bleiben."},"content":{"rendered":"<p><em><br \/>\n<\/em><\/p>\n<hr>\n<div id=\"mlPusher_contentA_0\" class=\"mlPusher_contentA\">\n<p>  Der Mangel an Rohstoffen und Baumaterialien in Verbindung mit einem massiven Preisanstieg wird immer gr\u00f6\u00dfer. Der Kreis der betroffenen Unternehmen weitet sich aus, ebenso wie die Zahl der betroffenen Bauprojekte.<\/p>\n<p>Am vergangenen Freitag traf sich der Handwerkerverband mit dem Minister f\u00fcr den Mittelstand, Lex Delles, um ihn \u00fcber die Situation zu informieren.<\/p>\n<p>Obwohl der Druck auf den Holzmarkt besonders gro\u00df ist, sind alle Materialien und Rohstoffe betroffen, von Stahl \u00fcber Kunststoffprodukte bis hin zu D\u00e4mmstoffen und Beton.<\/p>\n<p>Heute sind viele Unternehmen noch in der Lage, mit der Situation umzugehen, auch weil die meisten Kunden Verst\u00e4ndnis zeigen und l\u00e4ngere Lieferzeiten und Preisanpassungen akzeptieren. Die Aussichten bleiben jedoch unsicher.<\/p>\n<p>In den Augen des Handwerkerverbands besteht die Gefahr, dass die Situation nach den kollektiven Ferien kippt, wenn alle Vorr\u00e4te aufgebraucht sind.<\/p>\n<p>Angesichts dieser au\u00dfergew\u00f6hnlichen Situation schl\u00e4gt die F\u00f6deration vor, dass die Sonderregelung f\u00fcr Arbeitslosigkeit \u00fcber den Monat Juni hinaus beibehalten wird. Auch wenn bislang nur wenige Unternehmen aufgrund von Material- und Rohstoffmangel Kurzarbeit eingef\u00fchrt haben, h\u00e4lt es der Verband f\u00fcr notwendig, bereits jetzt geeignete Ma\u00dfnahmen zu ergreifen, um nicht zu gegebener Zeit von den Ereignissen \u00fcberrollt zu werden.<\/p>\n<p>Es sind gesunde Unternehmen mit vollen Auftragsb\u00fcchern, die mit massiven Problemen in ihren Lieferketten zu k\u00e4mpfen haben. Jetzt geht es darum, gemeinsam mit den politischen Entscheidungstr\u00e4gern Wege zu finden, diese Unternehmen und Arbeitspl\u00e4tze zu erhalten, bis sich die Lage wieder normalisiert hat.<\/p>\n<p>Am vergangenen Montag trafen sich Vertreter des Handwerkerverbands, des Verbands der Bauunternehmen, des Bauunternehmerverbands und der Handwerkskammer mit dem Minister f\u00fcr \u00f6ffentliche Arbeiten, Fran\u00e7ois Bausch, um die Auswirkungen auf das \u00f6ffentliche Beschaffungswesen und die derzeit laufenden Bauprojekte zu er\u00f6rtern.  <\/p>\n<p>Auf der Ebene der CRTIB wird eine Arbeitsgruppe eingerichtet, die die Formel f\u00fcr die Preisanpassung an die aktuellen Umst\u00e4nde anpassen soll. Ziel ist es, den betroffenen Unternehmen so schnell wie m\u00f6glich einen Vorschuss f\u00fcr k\u00fcnftige Preisanpassungen auszahlen zu k\u00f6nnen.<\/p>\n<p>Minister Bausch verpflichtete sich au\u00dferdem, die Fristen f\u00fcr die Ausf\u00fchrung von Arbeiten auf \u00f6ffentlichen Baustellen zu verl\u00e4ngern und die vorgesehenen Strafen f\u00fcr die Nichtausf\u00fchrung des Auftrags innerhalb der vereinbarten Fristen nicht anzuwenden.<\/p>\n<p>  Der Mangel an Rohstoffen und Baumaterialien in Verbindung mit einem massiven Preisanstieg wird immer gr\u00f6\u00dfer. Der Kreis der betroffenen Unternehmen weitet sich aus, ebenso wie die Zahl der betroffenen Bauprojekte.<\/p>\n<p>Am vergangenen Freitag traf sich der Handwerkerverband mit dem Minister f\u00fcr Mittelstand, Lex Delles, um ihn \u00fcber die aktuelle Lage und m\u00f6gliche Entwicklungen zu informieren.<\/p>\n<p>Obwohl der Druck auf den Holzmarkt derzeit besonders gro\u00df ist, sind alle Materialien und Rohstoffe betroffen, von Stahl \u00fcber Kunststoffprodukte bis hin zu D\u00e4mmstoffen und Beton.<\/p>\n<p>Obwohl viele Unternehmen mehr oder weniger in der Lage sind, die Situation zu bew\u00e4ltigen, und auch weil die meisten Kunden Verst\u00e4ndnis zeigen und l\u00e4ngere Lieferzeiten und selektive Preisanpassungen akzeptieren, bleibt unklar, wie sich die Situation entwickeln wird.<\/p>\n<p>In den Augen des Handwerkerverbands besteht die Gefahr, dass die Situation nach den Kollektivferien im Herbst kippt, wenn alle Reserven aufgebraucht sind.<\/p>\n<p>Angesichts dieser au\u00dfergew\u00f6hnlichen Situation schl\u00e4gt der Verband vor, dass die Sonderregelung f\u00fcr Kurzarbeit f\u00fcr die Monate Mai und Juni bis auf weiteres verl\u00e4ngert wird. Auch wenn bislang nur wenige Unternehmen Kurzarbeit in Anspruch genommen haben, ist der Verband der Ansicht, dass bereits heute geeignete Ma\u00dfnahmen eingeleitet werden sollten, um sp\u00e4ter nicht von den Ereignissen \u00fcberrollt zu werden.<\/p>\n<p>Es handelt sich um gesunde Unternehmen mit vollen Auftragsb\u00fcchern, die aufgrund von Problemen in ihren Lieferketten mit massiven Problemen zu k\u00e4mpfen haben. Jetzt geht es darum, gemeinsam mit den politischen Entscheidungstr\u00e4gern Wege zu finden, um gesunde Unternehmen und Arbeitspl\u00e4tze zu erhalten, bis sich die Lage wieder normalisiert hat.<\/p>\n<p>Am vergangenen Montag trafen sich Vertreter des Handwerkerverbands, des Verbands der Bauunternehmen, des Bauunternehmerverbands und der Handwerkskammer mit Infrastrukturminister Fran\u00e7ois Bausch, um die Auswirkungen auf \u00f6ffentliche Ausschreibungen und Bauprojekte zu er\u00f6rtern. Auch hier ist es angesichts dieser au\u00dfergew\u00f6hnlichen Situation wichtig, geeignete L\u00f6sungen zu finden, die es den Unternehmen erm\u00f6glichen, diesen Schritt zu gehen.<\/p>\n<p>Auf der Ebene der CRTIB wird derzeit eine Arbeitsgruppe eingerichtet, die die Formel f\u00fcr die Preisanpassung an die aktuellen Umst\u00e4nde anpassen soll. Ziel ist es, den betroffenen Unternehmen so schnell wie m\u00f6glich einen Vorschuss auf k\u00fcnftige Preisanpassungen auszahlen zu k\u00f6nnen.<\/p>\n<p>Infrastrukturminister Bausch versicherte den Unternehmen, dass die Fristen f\u00fcr die Fertigstellung \u00f6ffentlicher Baustellen verl\u00e4ngert w\u00fcrden und bis auf Weiteres keine Verzugsstrafen verh\u00e4ngt w\u00fcrden.<\/p>\n<\/div>\n<ul class=\"files_downloadB\"><\/ul>\n<ul class=\"list_listA\"><\/ul>\n","protected":false},"excerpt":{"rendered":"<p>Der Mangel an Rohstoffen und Baumaterialien in Verbindung mit einem massiven Preisanstieg wird immer gr\u00f6\u00dfer. Der Kreis der betroffenen Unternehmen &#8230;<\/p>\n","protected":false},"author":8,"featured_media":53322,"comment_status":"closed","ping_status":"closed","sticky":false,"template":"","format":"standard","meta":{"_acf_changed":false,"_et_pb_use_builder":"","_et_pb_old_content":"","_et_gb_content_width":"","inline_featured_image":false,"footnotes":""},"categories":[657,649],"tags":[658,659],"class_list":["post-54455","post","type-post","status-publish","format-standard","has-post-thumbnail","hentry","category-nachrichten","category-unkategorisiert","tag-fdanews-de","tag-test2-de"],"acf":[],"_links":{"self":[{"href":"https:\/\/mewo.lu\/de\/wp-json\/wp\/v2\/posts\/54455","targetHints":{"allow":["GET"]}}],"collection":[{"href":"https:\/\/mewo.lu\/de\/wp-json\/wp\/v2\/posts"}],"about":[{"href":"https:\/\/mewo.lu\/de\/wp-json\/wp\/v2\/types\/post"}],"author":[{"embeddable":true,"href":"https:\/\/mewo.lu\/de\/wp-json\/wp\/v2\/users\/8"}],"replies":[{"embeddable":true,"href":"https:\/\/mewo.lu\/de\/wp-json\/wp\/v2\/comments?post=54455"}],"version-history":[{"count":0,"href":"https:\/\/mewo.lu\/de\/wp-json\/wp\/v2\/posts\/54455\/revisions"}],"wp:featuredmedia":[{"embeddable":true,"href":"https:\/\/mewo.lu\/de\/wp-json\/wp\/v2\/media\/53322"}],"wp:attachment":[{"href":"https:\/\/mewo.lu\/de\/wp-json\/wp\/v2\/media?parent=54455"}],"wp:term":[{"taxonomy":"category","embeddable":true,"href":"https:\/\/mewo.lu\/de\/wp-json\/wp\/v2\/categories?post=54455"},{"taxonomy":"post_tag","embeddable":true,"href":"https:\/\/mewo.lu\/de\/wp-json\/wp\/v2\/tags?post=54455"}],"curies":[{"name":"wp","href":"https:\/\/api.w.org\/{rel}","templated":true}]}}