{"id":54453,"date":"2021-07-19T18:20:54","date_gmt":"2021-07-19T16:20:54","guid":{"rendered":"https:\/\/mewo.lu\/kurzarbeit-in-faellen-hoeherer-gewalt-wegen-ueberschwemmungen\/"},"modified":"2021-07-19T18:20:54","modified_gmt":"2021-07-19T16:20:54","slug":"kurzarbeit-in-faellen-hoeherer-gewalt-wegen-ueberschwemmungen","status":"publish","type":"post","link":"https:\/\/mewo.lu\/de\/kurzarbeit-in-faellen-hoeherer-gewalt-wegen-ueberschwemmungen\/","title":{"rendered":"Kurzarbeit in F\u00e4llen h\u00f6herer Gewalt wegen \u00dcberschwemmungen"},"content":{"rendered":"<p><em><br \/>\n<\/em><\/p>\n<hr>\n<div id=\"mlPusher_contentA_0\" class=\"mlPusher_contentA\">\n<h2 class=\"null\">Nach den starken Regenf\u00e4llen der  <strong>14. und 15. Juli 2021<\/strong>, die zu landesweiten \u00dcberschwemmungen gef\u00fchrt haben, und deren Folgen f\u00fcr die berufliche T\u00e4tigkeit, hat die Regierung beschlossen, dass die Regelung von  <strong>Kurzarbeit in F\u00e4llen h\u00f6herer Gewalt<\/strong> kann ausnahmsweise auf alle Arbeitnehmer angewendet werden.  <strong>Unternehmen mit Sitz in Luxemburg<\/strong>, die <strong>von den \u00dcberschwemmungen betroffen<\/strong> sind und die :<\/h2>\n<ul>\n<li>sich in wirtschaftlichen Schwierigkeiten befinden; <strong>oder<\/strong><\/li>\n<li>nicht in der Lage sind, ihre \u00fcbliche T\u00e4tigkeit fortzusetzen.  <\/li>\n<\/ul>\n<p>W\u00e4hrend der Kurzarbeit erstattet der Staat dem Unternehmen <strong>80 %<\/strong> der L\u00f6hne, die die betroffenen Arbeitnehmer normalerweise w\u00e4hrend der arbeitsfreien Zeit erhalten. Die Ausgleichszahlung muss jedoch mindestens dem Betrag des sozialen Mindestlohns f\u00fcr ungelernte Arbeitnehmer entsprechen.  <\/p>\n<p>Die Erstattung ist auf <strong>250 %<\/strong> des <a title=\"Sozialer Mindestlohn und Lohnindexierung\" href=\"https:\/\/guichet.public.lu\/fr\/entreprises\/ressources-humaines\/remuneration\/paiement-remunerations\/salaire.html\" data-cke-saved-href=\"https:\/\/guichet.public.lu\/fr\/entreprises\/ressources-humaines\/remuneration\/paiement-remunerations\/salaire.html\" data-cke-saved- target=\"_blank\" rel=\"noopener\">sozialen Mindestlohns<\/a> begrenzt. Das Unternehmen bleibt f\u00fcr die Sozialabgaben und die L\u00f6hne, die sich auf die geleisteten Arbeitsstunden beziehen, zahlungspflichtig.<\/p>\n<p>Ein Unternehmen, das im Falle h\u00f6herer Gewalt Kurzarbeit in Anspruch nimmt, verpflichtet sich, <strong>keine Besch\u00e4ftigten aus wirtschaftlichen Gr\u00fcnden zu entlassen<\/strong>.<\/p>\n<p><a href=\"https:\/\/guichet.public.lu\/fr\/entreprises\/sauvegarde-cessation-activite\/sauvegarde-emploi\/chomage-partiel-technique\/chomage-partiel-inondations.html\" target=\"_blank\" rel=\"noopener noreferrer\" data-cke-saved-href=\"https:\/\/guichet.public.lu\/fr\/entreprises\/sauvegarde-cessation-activite\/sauvegarde-emploi\/chomage-partiel-technique\/chomage-partiel-inondations.html\" data-cke-saved->Zum Verfahren auf guichet.lu<\/a><\/p>\n<p>Bei Fragen k\u00f6nnen Sie sich gerne an Ihren <a href=\"contact\/collaborateurs\" target=\"_blank\" rel=\"noopener noreferrer\" data-cke-saved-href=\"https:\/\/www.fda.lu\/contact\/collaborateurs\">Verbandsberater<\/a> wenden.<\/p>\n<\/div>\n<ul class=\"files_downloadB\"><\/ul>\n<ul class=\"list_listA\"><\/ul>\n","protected":false},"excerpt":{"rendered":"<p>Nach den starken Regenf\u00e4llen der 14. und 15. Juli 2021, die zu landesweiten \u00dcberschwemmungen gef\u00fchrt haben, und deren Folgen f\u00fcr &#8230;<\/p>\n","protected":false},"author":8,"featured_media":53324,"comment_status":"closed","ping_status":"closed","sticky":false,"template":"","format":"standard","meta":{"_acf_changed":false,"_et_pb_use_builder":"","_et_pb_old_content":"","_et_gb_content_width":"","inline_featured_image":false,"footnotes":""},"categories":[657,649],"tags":[658,659],"class_list":["post-54453","post","type-post","status-publish","format-standard","has-post-thumbnail","hentry","category-nachrichten","category-unkategorisiert","tag-fdanews-de","tag-test2-de"],"acf":[],"_links":{"self":[{"href":"https:\/\/mewo.lu\/de\/wp-json\/wp\/v2\/posts\/54453","targetHints":{"allow":["GET"]}}],"collection":[{"href":"https:\/\/mewo.lu\/de\/wp-json\/wp\/v2\/posts"}],"about":[{"href":"https:\/\/mewo.lu\/de\/wp-json\/wp\/v2\/types\/post"}],"author":[{"embeddable":true,"href":"https:\/\/mewo.lu\/de\/wp-json\/wp\/v2\/users\/8"}],"replies":[{"embeddable":true,"href":"https:\/\/mewo.lu\/de\/wp-json\/wp\/v2\/comments?post=54453"}],"version-history":[{"count":0,"href":"https:\/\/mewo.lu\/de\/wp-json\/wp\/v2\/posts\/54453\/revisions"}],"wp:featuredmedia":[{"embeddable":true,"href":"https:\/\/mewo.lu\/de\/wp-json\/wp\/v2\/media\/53324"}],"wp:attachment":[{"href":"https:\/\/mewo.lu\/de\/wp-json\/wp\/v2\/media?parent=54453"}],"wp:term":[{"taxonomy":"category","embeddable":true,"href":"https:\/\/mewo.lu\/de\/wp-json\/wp\/v2\/categories?post=54453"},{"taxonomy":"post_tag","embeddable":true,"href":"https:\/\/mewo.lu\/de\/wp-json\/wp\/v2\/tags?post=54453"}],"curies":[{"name":"wp","href":"https:\/\/api.w.org\/{rel}","templated":true}]}}