{"id":54450,"date":"2021-09-21T13:54:15","date_gmt":"2021-09-21T11:54:15","guid":{"rendered":"https:\/\/mewo.lu\/eise-generalsekretaer-kennt-bei-iech\/"},"modified":"2023-04-18T15:25:03","modified_gmt":"2023-04-18T13:25:03","slug":"eise-generalsekretaer-kennt-bei-iech","status":"publish","type":"post","link":"https:\/\/mewo.lu\/de\/eise-generalsekretaer-kennt-bei-iech\/","title":{"rendered":"Eise Generalsekret\u00e4r kennt bei Iech!"},"content":{"rendered":"<p><em><br \/>\n<\/em><\/p>\n<hr>\n<div id=\"mlPusher_contentA_0\" class=\"mlPusher_contentA\">\n<table width=\"100%\">\n<tbody>\n<tr>\n<td>\n<table width=\"100%\">\n<tbody>\n<tr>\n<td width=\"599\">\n<table width=\"100%\">\n<tbody>\n<tr>\n<td>\n<p><em>Romain Schmit, Generalsekret\u00e4r vun der F\u00e9d\u00e9ration des Artisans<\/em>  <\/p>\n<p><strong>Mir komme bei Iech!<\/strong><\/p>\n<\/p>\n<p>Gudde Moien,  <\/p>\n<p>D\u00e4erf ech mech viirstellen: Romain Schmit, Generalsekret\u00e4r vun der Handwierkerfederatioun. Ech melle mech bei Iech, fir mech selwer z&#8217;invit\u00e9ieren. Jo, Dir liest richteg: ech si sou frech an invit\u00e9iere mech selwer! Bei Iech! An \u00c4re Betrieb! Fir mat Iech iwer \u00c4re Betrieb, \u00c4re Beruff, \u00c4rt Handwierk ze schw\u00e4tzen! <strong><br \/>\n  <em>M\u00e4in Ziel ass et, fir d\u00ebst Joer ab M\u00e4rz ee Betrieb pro Woch besichen ze goen.<\/em><br \/>\n<\/strong>An doraus wa m\u00e9iglech eng permanent Tourn\u00e9e vum Generalsekret\u00e4r ze maachen.  <\/p>\n<p>Dofir wier ech frou, wann Dir mir geift soen, dass ech bei Iech och w\u00ebllkomm sinn. Dat ass sou mat onseraaner: mir invit\u00e9ieren eis zwar ganz hardi awer einfach esou kommen dann awer n\u00ebtt mat der Diir an d&#8217;Haus gefall. Dir misst mer effektiv scho soen, dass dat geet, da mellen ech mech bei Iech a mir maachen ee Rendez-vous oof. Flott wier et och, wann Dir mir k\u00e9int soen, wou de Schung dr\u00e9ckt an iwwer w\u00e9i en Thema Dir Iech mat mir \u00ebnnerhaalen w\u00e9ilt.  <\/p>\n<p>Bei &#8222;normalen&#8220; Urgencen (Arbechtsrecht, Organisatioun, \u00f6ffentliche Auftr\u00e4ge etc.) steet Iech d&#8217;Sekretariat vun der Handwierkerfederatioun natiirlech \u00ebmmer zur Verf\u00fcgung (<a href=\"http:\/\/www.fda.lu\" target=\"_blank\" rel=\"noopener\">www.fda.lu<\/a>). Dir hutt eventuell besser an dem Fall n\u00ebtt op m\u00ebch ze warden, mee derfiir ze suergen direkt H\u00ebllef ze kr\u00e9ien. An do ass kee besser wei d&#8217;Handwierkerfederatioun. Rufft un an da kritt Der gehollef!  <\/p>\n<p>Vu m\u00e9nger S\u00e4it g\u00e9ife m\u00ebch verschiddene Themen besonnesch intress\u00e9ieren, respektiv w\u00e9i Dir domatt am Betrieb \u00ebmgitt, ob a wa jo w\u00e9i eng L\u00e9isungen Der fonnt hutt a w\u00e9i Der se am Betrieb a mat den Mattarbechter \u00ebmgesaat hutt&#8230;: Fachkr\u00e4ftemangel, Digitalisierung, CO2 a Klima, Organisatioun vun der Arbecht. Mir k\u00ebnnen och ganz g\u00e4r iwer d&#8217;Federatioun schw\u00e4tzen an doriwwer waat Dir doranner gesitt. Natierlech ass den Themekrees n\u00ebtt ob d\u00e9i ugeschwaate Ber\u00e4icher begrenzt. Wann Dir ee ganz konkrete Problem hutt bei dem Dir Iech vun der Handwierkerfederatioun H\u00ebllef erwaart, wier et och gudd, dat am Viiraus ze w\u00ebssen, dass ech eventuell direkt dee richtegen Uspri\u00ebchpartner ka mattbrengen wann dat fir Iech an der Rei ass.  <\/p>\n<p><strong><em>Dofiir z\u00e9ckt n\u00ebtt a mellt Iech bei mir: <a href=\"mailto:r.schmit@fda.lu\">r.schmit@fda.lu<\/a> oder 42451126<\/em><\/strong><\/p>\n<\/td>\n<\/tr>\n<\/tbody>\n<\/table>\n<\/td>\n<\/tr>\n<\/tbody>\n<\/table>\n<\/td>\n<\/tr>\n<\/tbody>\n<\/table>\n<table width=\"100%\">\n<tbody>\n<tr>\n<td>\n<table width=\"100%\">\n<tbody>\n<tr>\n<td>\n<table width=\"282\">\n<tbody>\n<tr>\n<td> <\/td>\n<\/tr>\n<\/tbody>\n<\/table>\n<\/td>\n<\/tr>\n<\/tbody>\n<\/table>\n<\/td>\n<\/tr>\n<\/tbody>\n<\/table>\n<\/div>\n<ul class=\"files_downloadB\"><\/ul>\n<ul class=\"list_listA\"><\/ul>\n","protected":false},"excerpt":{"rendered":"<p>Romain Schmit, Generalsekret\u00e4r vun der F\u00e9d\u00e9ration des Artisans Mir komme bei Iech! Gudde Moien, D\u00e4erf ech mech viirstellen: Romain Schmit, &#8230;<\/p>\n","protected":false},"author":8,"featured_media":53325,"comment_status":"closed","ping_status":"closed","sticky":false,"template":"","format":"standard","meta":{"_acf_changed":false,"_et_pb_use_builder":"","_et_pb_old_content":"","_et_gb_content_width":"","inline_featured_image":false,"footnotes":""},"categories":[657,649],"tags":[658,659],"class_list":["post-54450","post","type-post","status-publish","format-standard","has-post-thumbnail","hentry","category-nachrichten","category-unkategorisiert","tag-fdanews-de","tag-test2-de"],"acf":[],"_links":{"self":[{"href":"https:\/\/mewo.lu\/de\/wp-json\/wp\/v2\/posts\/54450","targetHints":{"allow":["GET"]}}],"collection":[{"href":"https:\/\/mewo.lu\/de\/wp-json\/wp\/v2\/posts"}],"about":[{"href":"https:\/\/mewo.lu\/de\/wp-json\/wp\/v2\/types\/post"}],"author":[{"embeddable":true,"href":"https:\/\/mewo.lu\/de\/wp-json\/wp\/v2\/users\/8"}],"replies":[{"embeddable":true,"href":"https:\/\/mewo.lu\/de\/wp-json\/wp\/v2\/comments?post=54450"}],"version-history":[{"count":0,"href":"https:\/\/mewo.lu\/de\/wp-json\/wp\/v2\/posts\/54450\/revisions"}],"wp:featuredmedia":[{"embeddable":true,"href":"https:\/\/mewo.lu\/de\/wp-json\/wp\/v2\/media\/53325"}],"wp:attachment":[{"href":"https:\/\/mewo.lu\/de\/wp-json\/wp\/v2\/media?parent=54450"}],"wp:term":[{"taxonomy":"category","embeddable":true,"href":"https:\/\/mewo.lu\/de\/wp-json\/wp\/v2\/categories?post=54450"},{"taxonomy":"post_tag","embeddable":true,"href":"https:\/\/mewo.lu\/de\/wp-json\/wp\/v2\/tags?post=54450"}],"curies":[{"name":"wp","href":"https:\/\/api.w.org\/{rel}","templated":true}]}}